{"id":17852,"date":"2025-09-02T10:31:18","date_gmt":"2025-09-02T10:31:18","guid":{"rendered":"https:\/\/aicqpiemonte.it\/?p=17852"},"modified":"2025-10-07T10:45:14","modified_gmt":"2025-10-07T10:45:14","slug":"serata-a-tema-il-futuro-della-leadership","status":"publish","type":"post","link":"https:\/\/aicqpiemonte.it\/index.php\/2025\/09\/02\/serata-a-tema-il-futuro-della-leadership\/","title":{"rendered":"Serata a Tema &#8211; \u00abIl futuro della Leadership\u00bb &#8211; 11 dicembre 2025 (nuova data)"},"content":{"rendered":"\t\t<div data-elementor-type=\"wp-post\" data-elementor-id=\"17852\" class=\"elementor elementor-17852\">\n\t\t\t\t\t\t\t\t\t<section class=\"elementor-section elementor-top-section elementor-element elementor-element-3aa1d90f elementor-section-boxed elementor-section-height-default elementor-section-height-default\" data-id=\"3aa1d90f\" data-element_type=\"section\">\n\t\t\t\t\t\t<div class=\"elementor-container elementor-column-gap-default\">\n\t\t\t\t\t<div class=\"elementor-column elementor-col-100 elementor-top-column elementor-element elementor-element-4d77612\" data-id=\"4d77612\" data-element_type=\"column\">\n\t\t\t<div class=\"elementor-widget-wrap elementor-element-populated\">\n\t\t\t\t\t\t\t\t<div class=\"elementor-element elementor-element-367a6ab9 elementor-widget elementor-widget-text-editor\" data-id=\"367a6ab9\" data-element_type=\"widget\" data-widget_type=\"text-editor.default\">\n\t\t\t\t<div class=\"elementor-widget-container\">\n\t\t\t<style>\/*! elementor - v3.18.0 - 20-12-2023 *\/\n.elementor-widget-text-editor.elementor-drop-cap-view-stacked .elementor-drop-cap{background-color:#69727d;color:#fff}.elementor-widget-text-editor.elementor-drop-cap-view-framed .elementor-drop-cap{color:#69727d;border:3px solid;background-color:transparent}.elementor-widget-text-editor:not(.elementor-drop-cap-view-default) .elementor-drop-cap{margin-top:8px}.elementor-widget-text-editor:not(.elementor-drop-cap-view-default) .elementor-drop-cap-letter{width:1em;height:1em}.elementor-widget-text-editor .elementor-drop-cap{float:left;text-align:center;line-height:1;font-size:50px}.elementor-widget-text-editor .elementor-drop-cap-letter{display:inline-block}<\/style>\t\t\t\t<p><span style=\"background-color: var(--background); font-family: var(--e-global-typography-text-font-family);\">\u00a0<\/span><\/p><p><span style=\"background-color: var(--background); font-family: var(--e-global-typography-text-font-family);\">ti invitiamo alla Serata a tema sul tema<br \/><\/span><span style=\"color: #f8ae35; font-weight: bold; background-color: var(--background); font-family: var(--e-global-typography-text-font-family);\"><span style=\"font-size: 2em;\">IL FUTURO DELLA LEADERSHIP<\/span><\/span><\/p><p><span style=\"background-color: var(--background); font-family: var(--e-global-typography-text-font-family); color: #f8ae35; font-size: 1.41575em; font-weight: bold;\">11 dicembre 2025<\/span><\/p><p>dalle ore 18.00 alle 19.30<br \/>presso la sede di Skillab Srl &#8211; Corso Galileo Ferraris, 26 (TO)<br \/>a cura di Emanuela Carletto<\/p><p>&#8211; evento gratuito per i soci di AICQ e Unione Industriali &#8211;<\/p>\t\t\t\t\t\t<\/div>\n\t\t\t\t<\/div>\n\t\t\t\t\t<\/div>\n\t\t<\/div>\n\t\t\t\t\t\t\t<\/div>\n\t\t<\/section>\n\t\t\t\t<section class=\"elementor-section elementor-top-section elementor-element elementor-element-4dea863 elementor-section-boxed elementor-section-height-default elementor-section-height-default\" data-id=\"4dea863\" data-element_type=\"section\">\n\t\t\t\t\t\t<div class=\"elementor-container elementor-column-gap-default\">\n\t\t\t\t\t<div class=\"elementor-column elementor-col-100 elementor-top-column elementor-element elementor-element-f7e750d\" data-id=\"f7e750d\" data-element_type=\"column\">\n\t\t\t<div class=\"elementor-widget-wrap elementor-element-populated\">\n\t\t\t\t\t\t\t\t<div class=\"elementor-element elementor-element-4f02f1f elementor-widget elementor-widget-text-editor\" data-id=\"4f02f1f\" data-element_type=\"widget\" data-widget_type=\"text-editor.default\">\n\t\t\t\t<div class=\"elementor-widget-container\">\n\t\t\t\t\t\t\t<p><\/p>\n<p>Ti capita mai di sentirti sopraffatto dalle sfide del mercato, di aver perso la bussola nella gestione del tuo team? <br>La competizione \u00e8 sempre pi\u00f9 accanita, le tecnologie si evolvono alla velocit\u00e0 della luce e le persone, spesso appaiono spente e demotivate.<\/p>\n<p>Il seminario, che accompagna l\u2019uscita del libro \u201c<strong>Il futuro della Ladership \u2013 Upskilling, Reskilling e crescita del talento per aziende ad alte prestazioni<\/strong>\u201d (pubblicato da Bruno Editore), invita gli imprenditori e i leader a riflettere su come evolvere, allenandosi ogni giorno per restare competitivi, umani e visionari.<\/p>\n<p><\/p>\n<p><strong>LA RELATRICE<\/strong><\/p>\n<p><strong>Emanuela Carletto<\/strong> \u00e8 formatrice, coach e consulente aziendale. In oltre 25 anni di esperienza, ha collaborato con una vasta gamma di aziende, dalle multinazionali alle PMI, sia nel settore pubblico che privato. Specializzata nello sviluppo delle soft skills e nel potenziamento dei talenti, affianca le funzioni HR nella creazione di programmi formativi e strategie di comunicazione interna allineate agli obiettivi aziendali. La sua professionalit\u00e0, unita a una profonda attenzione verso le persone, la rende un punto di riferimento per imprenditori e manager che aspirano a crescere professionalmente e a costruire team vincenti.<\/p>\n<p><strong><img decoding=\"async\" draggable=\"false\" role=\"img\" class=\"emoji\" alt=\"\ud83c\udf10\" src=\"https:\/\/s.w.org\/images\/core\/emoji\/16.0.1\/svg\/1f310.svg\"> Per ulteriori informazioni: <\/strong><a href=\"http:\/\/www.emanuelacarletto.com\"><strong>www.emanuelacarletto.com<\/strong><\/a><\/p>\n<p>&nbsp;&nbsp;<span style=\"color: #11005c;\">&nbsp;<\/span><span style=\"color: #11005c; background-color: var(--background); font-family: var(--e-global-typography-text-font-family);\">&nbsp;<\/span><\/p>\n<p><span style=\"color: #11005c; text-align: center;\">Sar\u00e0 un&#8217;occasione per condividere esperienze e costruire nuove connessioni tra i soci e scambiarci gli auguri di Natale.<\/span><\/p>\n<p><span style=\"color: #11005c; text-align: center;\">&nbsp;<\/span><\/p>\n<h2 style=\"font-family: arial, helvetica, sans-serif; text-align: center; background-color: #e98a07; margin-top: 0px; margin-bottom: 0px; color: #1f2d3d; font-size: 32px; word-break: break-word;\"><span style=\"color: #0c0039; font-family: 'Trebuchet ms', helvetica, sans-serif;\">Per iscrizioni<\/span><\/h2>\n<p style=\"color: #3b3f44; font-family: arial, helvetica, sans-serif; font-size: 16px; text-align: center; background-color: #e98a07; margin-bottom: 0px;\"><span style=\"color: #0c0039; font-family: 'Trebuchet ms', helvetica, sans-serif;\">Invia un&#8217;email a&nbsp;<\/span><a href=\"mailto:soci@aicqpiemonte.it\" target=\"_blank\" rel=\"noopener\">soci@aicqpiemonte.it<\/a><span style=\"color: #0c0039; font-family: 'Trebuchet ms', helvetica, sans-serif;\">&nbsp;indicandoci Nome, Cognome ed eventuale Azienda di appartenenza<\/span><\/p>\n<p style=\"color: #3b3f44; font-family: arial, helvetica, sans-serif; font-size: 16px; text-align: center; background-color: #e98a07; margin-bottom: 0px;\"><span style=\"color: #0c0039; font-family: 'Trebuchet ms', helvetica, sans-serif;\">&nbsp;<\/span><\/p>\t\t\t\t\t\t<\/div>\n\t\t\t\t<\/div>\n\t\t\t\t\t<\/div>\n\t\t<\/div>\n\t\t\t\t\t\t\t<\/div>\n\t\t<\/section>\n\t\t\t\t\t\t\t<\/div>\n\t\t","protected":false},"excerpt":{"rendered":"<p>AICQ Piemontese Formazione\u00a0in partnership con\u00a0SKILLAB Centro valorizzazione risorse umane\u00a0ti invita a consultare la Proposta Formativa 2023, ricca di novit\u00e0.\u00a0I corsi sono proposti sia in aula che via\u00a0web per dare a tutti la possibilit\u00e0 di partecipare.<\/p>\n","protected":false},"author":2,"featured_media":17860,"comment_status":"closed","ping_status":"closed","sticky":false,"template":"","format":"standard","meta":{"inline_featured_image":false,"footnotes":""},"categories":[1],"tags":[],"class_list":["post-17852","post","type-post","status-publish","format-standard","has-post-thumbnail","hentry","category-news"],"_links":{"self":[{"href":"https:\/\/aicqpiemonte.it\/index.php\/wp-json\/wp\/v2\/posts\/17852","targetHints":{"allow":["GET"]}}],"collection":[{"href":"https:\/\/aicqpiemonte.it\/index.php\/wp-json\/wp\/v2\/posts"}],"about":[{"href":"https:\/\/aicqpiemonte.it\/index.php\/wp-json\/wp\/v2\/types\/post"}],"author":[{"embeddable":true,"href":"https:\/\/aicqpiemonte.it\/index.php\/wp-json\/wp\/v2\/users\/2"}],"replies":[{"embeddable":true,"href":"https:\/\/aicqpiemonte.it\/index.php\/wp-json\/wp\/v2\/comments?post=17852"}],"version-history":[{"count":21,"href":"https:\/\/aicqpiemonte.it\/index.php\/wp-json\/wp\/v2\/posts\/17852\/revisions"}],"predecessor-version":[{"id":17890,"href":"https:\/\/aicqpiemonte.it\/index.php\/wp-json\/wp\/v2\/posts\/17852\/revisions\/17890"}],"wp:featuredmedia":[{"embeddable":true,"href":"https:\/\/aicqpiemonte.it\/index.php\/wp-json\/wp\/v2\/media\/17860"}],"wp:attachment":[{"href":"https:\/\/aicqpiemonte.it\/index.php\/wp-json\/wp\/v2\/media?parent=17852"}],"wp:term":[{"taxonomy":"category","embeddable":true,"href":"https:\/\/aicqpiemonte.it\/index.php\/wp-json\/wp\/v2\/categories?post=17852"},{"taxonomy":"post_tag","embeddable":true,"href":"https:\/\/aicqpiemonte.it\/index.php\/wp-json\/wp\/v2\/tags?post=17852"}],"curies":[{"name":"wp","href":"https:\/\/api.w.org\/{rel}","templated":true}]}}